{"id":7009,"date":"2026-08-19T13:53:35","date_gmt":"2026-08-19T13:53:35","guid":{"rendered":"https:\/\/www.bureau-carte-grise.fr\/article\/?p=7009"},"modified":"2026-08-17T15:34:05","modified_gmt":"2026-08-17T15:34:05","slug":"plaque-immatriculation-rose","status":"publish","type":"post","link":"https:\/\/www.bureau-carte-grise.fr\/article\/plaque-immatriculation-rose\/","title":{"rendered":"Plaque d\u2019immatriculation rose"},"content":{"rendered":"<h1>Plaque d\u2019immatriculation rose : r\u00e8gles, validit\u00e9 et v\u00e9hicules concern\u00e9s<\/h1>\n<p class=\"PDq2pG_selectionAnchorContainer\" data-start=\"1188\" data-end=\"1601\">Depuis le <strong data-start=\"1198\" data-end=\"1218\">1er janvier 2026<\/strong>, de nouvelles plaques d\u2019immatriculation roses sont apparues sur les routes fran\u00e7aises. Elles concernent les v\u00e9hicules disposant d\u2019une <strong data-start=\"1353\" data-end=\"1386\">immatriculation provisoire WW<\/strong> ainsi que les v\u00e9hicules circulant avec un <strong data-start=\"1429\" data-end=\"1441\">W garage<\/strong>. Cette \u00e9volution permet notamment de distinguer plus facilement les immatriculations temporaires des plaques d\u00e9finitives.<\/p>\n<p data-start=\"1603\" data-end=\"1775\">Mais pourquoi ces plaques sont-elles roses ? Quels v\u00e9hicules sont concern\u00e9s ? Quelle est leur dur\u00e9e de validit\u00e9 ? Et peut-on circuler \u00e0 l\u2019\u00e9tranger avec une plaque WW rose ?<\/p>\n<p data-start=\"1777\" data-end=\"1893\">Voici ce qu\u2019il faut savoir sur la <strong data-start=\"1811\" data-end=\"1844\">plaque d\u2019immatriculation rose<\/strong> et les nouvelles r\u00e8gles applicables depuis 2026.<\/p>\n<h2>Qu\u2019est-ce qu\u2019une plaque d\u2019immatriculation rose ?<\/h2>\n<p class=\"PDq2pG_selectionAnchorContainer\" data-start=\"1953\" data-end=\"2055\">La plaque d\u2019immatriculation rose est une plaque r\u00e9serv\u00e9e \u00e0 certaines <strong data-start=\"2022\" data-end=\"2054\">immatriculations provisoires<\/strong>.<\/p>\n<p data-start=\"2057\" data-end=\"2346\">Depuis le 1er janvier 2026, le num\u00e9ro d\u2019immatriculation des v\u00e9hicules concern\u00e9s doit appara\u00eetre en <strong data-start=\"2156\" data-end=\"2193\">caract\u00e8res noirs sur un fond rose<\/strong>. Cette r\u00e8gle r\u00e9sulte de <a href=\"https:\/\/www.legifrance.gouv.fr\/jorf\/article_jo\/JORFARTI000052971658\">l\u2019arr\u00eat\u00e9 du 21 novembre 2025<\/a> modifiant les caract\u00e9ristiques des plaques d\u2019immatriculation.<\/p>\n<p data-start=\"2348\" data-end=\"2481\">Cette nouvelle couleur permet notamment de diff\u00e9rencier visuellement une immatriculation temporaire d\u2019une immatriculation d\u00e9finitive.<\/p>\n<h3 data-start=\"2348\" data-end=\"2481\">Pourquoi les plaques provisoires sont-elles devenues roses ?<\/h3>\n<p class=\"PDq2pG_selectionAnchorContainer\" data-start=\"2554\" data-end=\"2664\">Auparavant, une plaque provisoire WW pouvait visuellement ressembler \u00e0 une plaque d\u2019immatriculation classique.<\/p>\n<p data-start=\"2666\" data-end=\"2745\">Avec le fond rose, son caract\u00e8re provisoire devient imm\u00e9diatement identifiable.<\/p>\n<p data-start=\"2747\" data-end=\"3066\">Cette \u00e9volution facilite donc l\u2019identification des v\u00e9hicules concern\u00e9s lors des contr\u00f4les. Dans le cas d&rsquo;une plaque WW, la pr\u00e9sence de la date de fin de validit\u00e9 directement sur la plaque permet \u00e9galement de savoir rapidement jusqu\u2019\u00e0 quand l\u2019immatriculation provisoire est valable.<\/p>\n<p data-start=\"2747\" data-end=\"3066\">Source : <a href=\"https:\/\/www.legifrance.gouv.fr\/jorf\/article_jo\/JORFARTI000052971656\">https:\/\/www.legifrance.gouv.fr\/jorf\/article_jo\/JORFARTI000052971656<\/a><\/p>\n<h2 data-start=\"2747\" data-end=\"3066\">Quels v\u00e9hicules doivent avoir une plaque rose ?<\/h2>\n<p class=\"PDq2pG_selectionAnchorContainer\" data-start=\"3125\" data-end=\"3173\">Deux cat\u00e9gories sont principalement concern\u00e9es :<\/p>\n<ul data-start=\"3175\" data-end=\"3287\">\n<li data-section-id=\"16sux41\" data-start=\"3175\" data-end=\"3242\">les v\u00e9hicules disposant d\u2019une <strong data-start=\"3207\" data-end=\"3240\">immatriculation provisoire WW<\/strong> ;<\/li>\n<li data-section-id=\"sdm3ql\" data-start=\"3243\" data-end=\"3287\">les v\u00e9hicules circulant sous <strong data-start=\"3274\" data-end=\"3286\">W garage<\/strong>.<\/li>\n<\/ul>\n<p data-start=\"3289\" data-end=\"3379\">Cependant, ces deux types d\u2019immatriculation ne r\u00e9pondent pas exactement aux m\u00eames besoins.<\/p>\n<h3 data-start=\"3289\" data-end=\"3379\">La plaque rose WW<\/h3>\n<p class=\"PDq2pG_selectionAnchorContainer\" data-start=\"3409\" data-end=\"3527\">L\u2019immatriculation WW permet \u00e0 un v\u00e9hicule de circuler provisoirement dans l\u2019attente de son immatriculation d\u00e9finitive.<\/p>\n<p data-start=\"3529\" data-end=\"3687\">Elle peut notamment concerner certains <a href=\"https:\/\/www.bureau-carte-grise.fr\/article\/carte-grise-vehicule-importe\/\"><strong data-start=\"3568\" data-end=\"3590\">v\u00e9hicules import\u00e9s<\/strong> <\/a>ou des v\u00e9hicules dont le dossier d\u2019immatriculation d\u00e9finitive est encore en cours de traitement.<\/p>\n<p data-start=\"3689\" data-end=\"3790\">Le v\u00e9hicule re\u00e7oit alors un num\u00e9ro provisoire WW et doit d\u00e9sormais \u00eatre \u00e9quip\u00e9 d\u2019une <strong data-start=\"3774\" data-end=\"3789\">plaque rose<\/strong>.<\/p>\n<p data-start=\"3792\" data-end=\"3956\">Vous avez achet\u00e9 un v\u00e9hicule provenant de l&rsquo;\u00e9tranger ? Retrouvez \u00e9galement notre guide consacr\u00e9 \u00e0 la <a href=\"https:\/\/www.bureau-carte-grise.fr\/changement-titulaire-vehicule-import\"><strong data-start=\"3893\" data-end=\"3932\">carte grise d&rsquo;un v\u00e9hicule import\u00e9<\/strong>\u00a0<\/a>sur Bureau Carte Grise.<\/p>\n<h3 data-start=\"3792\" data-end=\"3956\">La plaque rose W garage<\/h3>\n<p class=\"PDq2pG_selectionAnchorContainer\" data-start=\"3992\" data-end=\"4200\">Le <strong data-start=\"3995\" data-end=\"4007\">W garage<\/strong> est quant \u00e0 lui destin\u00e9 aux professionnels de l\u2019automobile. Il permet, sous certaines conditions, de faire circuler provisoirement des v\u00e9hicules dans le cadre de leur activit\u00e9 professionnelle.<\/p>\n<p data-start=\"4202\" data-end=\"4372\">Depuis le <a href=\"https:\/\/www.legifrance.gouv.fr\/loda\/article_lc\/LEGIARTI000052974050\/2026-03-14?\">1er janvier 2026<\/a>, les plaques associ\u00e9es \u00e0 une immatriculation W garage sont \u00e9galement <strong data-start=\"4298\" data-end=\"4333\">roses avec des caract\u00e8res noirs<\/strong>.<\/p>\n<h2 class=\"PDq2pG_selectionAnchorContainer\" data-section-id=\"q9k4vr\" data-start=\"4374\" data-end=\"4427\">Quelle date appara\u00eet sur une plaque WW rose ?<\/h2>\n<p class=\"PDq2pG_selectionAnchorContainer\" data-start=\"4429\" data-end=\"4489\">C\u2019est l\u2019une des principales nouveaut\u00e9s de la r\u00e9glementation.<\/p>\n<p data-start=\"4491\" data-end=\"4627\">Pour une <strong data-start=\"4500\" data-end=\"4533\">immatriculation provisoire WW<\/strong>, la date de fin de validit\u00e9 doit \u00eatre directement reproduite sur la plaque d\u2019immatriculation.<\/p>\n<p data-start=\"4629\" data-end=\"4793\">Elle appara\u00eet \u00e0 l\u2019extr\u00e9mit\u00e9 droite de la partie utile de la plaque, en caract\u00e8res noirs, sous la forme <strong data-start=\"4732\" data-end=\"4754\">mois\/ann\u00e9e (MM\/AA)<\/strong>.<\/p>\n<p data-start=\"4795\" data-end=\"4913\">Par exemple, une indication <strong data-start=\"4823\" data-end=\"4836\">\u00ab 10\/26 \u00bb<\/strong> signifie que l\u2019immatriculation provisoire arrive \u00e0 \u00e9ch\u00e9ance en octobre 2026.<\/p>\n<p data-start=\"4915\" data-end=\"5015\">Cette information permet donc de conna\u00eetre visuellement la p\u00e9riode de validit\u00e9 du num\u00e9ro provisoire.<\/p>\n<h3 data-start=\"4915\" data-end=\"5015\">La date est-elle obligatoire sur toutes les plaques roses ?<\/h3>\n<p class=\"PDq2pG_selectionAnchorContainer\" data-start=\"5093\" data-end=\"5155\">l faut distinguer la <strong data-start=\"5115\" data-end=\"5128\">plaque WW<\/strong> de la <strong data-start=\"5135\" data-end=\"5154\">plaque W garage<\/strong>.<\/p>\n<p data-start=\"5157\" data-end=\"5418\">La r\u00e9glementation pr\u00e9voit explicitement l&rsquo;affichage de la date de fin de validit\u00e9 sur les plaques correspondant \u00e0 une <strong data-start=\"5275\" data-end=\"5308\">immatriculation provisoire WW<\/strong>. Cette obligation n&rsquo;est pas pr\u00e9vue de la m\u00eame mani\u00e8re pour le W garage.<\/p>\n<p data-start=\"5420\" data-end=\"5555\">Autrement dit, voir une plaque rose sans date ne signifie pas n\u00e9cessairement qu&rsquo;elle n&rsquo;est pas conforme : il peut s&rsquo;agir d&rsquo;un W garage.<\/p>\n<h2 data-start=\"5420\" data-end=\"5555\">Combien de temps une immatriculation provisoire WW est-elle valable ?<\/h2>\n<p class=\"PDq2pG_selectionAnchorContainer\" data-start=\"5636\" data-end=\"5744\">Il est important de distinguer <strong data-start=\"5667\" data-end=\"5694\">la couleur de la <a href=\"https:\/\/www.bureau-carte-grise.fr\/article\/identifiant-regional-plaque-immatriculation\/\">plaque<\/a><\/strong> de la dur\u00e9e de validit\u00e9 du certificat provisoire.<\/p>\n<p data-start=\"5746\" data-end=\"5938\">Le passage au rose ne permet pas de circuler ind\u00e9finiment avec une immatriculation WW. La date figurant sur la plaque correspond justement \u00e0 la fin de validit\u00e9 de l\u2019immatriculation provisoire.<\/p>\n<p data-start=\"5940\" data-end=\"6143\">Ainsi, avant de prendre la route, le conducteur doit v\u00e9rifier que son <strong data-start=\"6010\" data-end=\"6076\">certificat provisoire d\u2019immatriculation WW est toujours valide<\/strong> et que la plaque correspond bien au num\u00e9ro qui lui a \u00e9t\u00e9 attribu\u00e9.<\/p>\n<p data-start=\"6145\" data-end=\"6270\">Une fois l&rsquo;immatriculation d\u00e9finitive obtenue, le v\u00e9hicule doit \u00eatre \u00e9quip\u00e9 des plaques correspondant \u00e0 son num\u00e9ro d\u00e9finitif.<\/p>\n<h2 data-start=\"6145\" data-end=\"6270\">Peut-on circuler \u00e0 l\u2019\u00e9tranger avec une plaque WW rose ?<\/h2>\n<p class=\"PDq2pG_selectionAnchorContainer\" data-start=\"6337\" data-end=\"6471\">La plaque rose ne modifie pas, \u00e0 elle seule, les conditions de reconnaissance d&rsquo;une immatriculation provisoire fran\u00e7aise \u00e0 l&rsquo;\u00e9tranger.<\/p>\n<p data-start=\"6473\" data-end=\"6717\">En effet, lorsqu\u2019un v\u00e9hicule circule hors de France avec une immatriculation WW, il est n\u00e9cessaire de tenir compte des r\u00e8gles du pays travers\u00e9 ou de destination. La reconnaissance d\u2019un certificat provisoire fran\u00e7ais peut varier selon les \u00c9tats.<\/p>\n<p data-start=\"6719\" data-end=\"6880\">Par cons\u00e9quent, avant un d\u00e9placement \u00e0 l\u2019\u00e9tranger, il est recommand\u00e9 de <strong data-start=\"6791\" data-end=\"6879\">v\u00e9rifier les conditions de circulation aupr\u00e8s des autorit\u00e9s du ou des pays concern\u00e9s<\/strong>.<\/p>\n<p data-start=\"6882\" data-end=\"7011\">La couleur rose de la plaque ne doit donc pas \u00eatre interpr\u00e9t\u00e9e comme une autorisation automatique de circuler dans tous les pays.<\/p>\n<h2 data-start=\"6145\" data-end=\"6270\">Peut-on conserver une ancienne plaque WW blanche en 2026 ?<\/h2>\n<p class=\"PDq2pG_selectionAnchorContainer\" data-start=\"7081\" data-end=\"7315\">La nouvelle r\u00e9glementation est entr\u00e9e en vigueur le <strong data-start=\"7133\" data-end=\"7153\">1er janvier 2026<\/strong>. Les caract\u00e9ristiques r\u00e9glementaires des plaques WW et W garage pr\u00e9voient d\u00e9sormais des <strong data-start=\"7242\" data-end=\"7276\">caract\u00e8res noirs sur fond rose<\/strong>.<\/p>\n<p data-start=\"7317\" data-end=\"7474\">Pour toute nouvelle plaque correspondant \u00e0 ces immatriculations, il convient donc de respecter les caract\u00e9ristiques pr\u00e9vues par la r\u00e9glementation en vigueur.<\/p>\n<p data-start=\"7476\" data-end=\"7589\">Par ailleurs, dans le cas d&rsquo;une immatriculation WW, la <strong data-start=\"7531\" data-end=\"7588\">date de fin de validit\u00e9 doit appara\u00eetre sur la plaque<\/strong>.<\/p>\n<h2 data-section-id=\"1ub8lmo\" data-start=\"7591\" data-end=\"7660\">\u00c0 quoi ressemble une plaque d\u2019immatriculation rose conforme ?<\/h2>\n<p class=\"PDq2pG_selectionAnchorContainer\" data-start=\"7662\" data-end=\"7738\">Une plaque rose doit respecter des caract\u00e9ristiques r\u00e9glementaires pr\u00e9cises.<\/p>\n<p data-start=\"7740\" data-end=\"7765\">Elle comporte notamment :<\/p>\n<ul data-start=\"7767\" data-end=\"8007\">\n<li data-section-id=\"1ih3jjs\" data-start=\"7767\" data-end=\"7801\">un <strong data-start=\"7772\" data-end=\"7799\">fond rose r\u00e9glementaire<\/strong> ;<\/li>\n<li data-section-id=\"18q2irm\" data-start=\"7802\" data-end=\"7830\">des <strong data-start=\"7808\" data-end=\"7828\">caract\u00e8res noirs<\/strong> ;<\/li>\n<li data-section-id=\"10qju1h\" data-start=\"7831\" data-end=\"7873\">le num\u00e9ro d\u2019immatriculation provisoire ;<\/li>\n<li data-section-id=\"9mmdfe\" data-start=\"7874\" data-end=\"8007\">et, pour les plaques WW, la <strong data-start=\"7904\" data-end=\"7947\">date de fin de validit\u00e9 au format MM\/AA<\/strong> \u00e0 l\u2019extr\u00e9mit\u00e9 droite.<\/li>\n<\/ul>\n<p data-start=\"8009\" data-end=\"8199\">La couleur n\u2019est donc pas laiss\u00e9e au choix du propri\u00e9taire. Les sp\u00e9cifications colorim\u00e9triques du rose sont elles-m\u00eames encadr\u00e9es par la r\u00e9glementation.<\/p>\n<h2 data-start=\"8009\" data-end=\"8199\">Pourquoi v\u00e9rifier la validit\u00e9 de sa plaque WW rose ?<\/h2>\n<p class=\"PDq2pG_selectionAnchorContainer\" data-start=\"8263\" data-end=\"8392\">La pr\u00e9sence de la date directement sur la plaque rend d\u00e9sormais beaucoup plus visible l&rsquo;\u00e9ch\u00e9ance de l&rsquo;immatriculation provisoire.<\/p>\n<p data-start=\"8394\" data-end=\"8536\">Il est donc essentiel de surveiller cette date et d&rsquo;anticiper les d\u00e9marches n\u00e9cessaires pour obtenir l&rsquo;immatriculation d\u00e9finitive du v\u00e9hicule.<\/p>\n<p data-start=\"8538\" data-end=\"8752\">D\u2019ailleurs, l\u2019un des objectifs pratiques du nouveau dispositif est de permettre une identification plus rapide des plaques provisoires et de leur \u00e9ch\u00e9ance lors des contr\u00f4les.<\/p>\n<h2 data-start=\"8538\" data-end=\"8752\">Comment obtenir une carte grise apr\u00e8s une immatriculation WW ?<\/h2>\n<p class=\"PDq2pG_selectionAnchorContainer\" data-start=\"8826\" data-end=\"8953\">L\u2019immatriculation WW constitue une <strong data-start=\"8861\" data-end=\"8884\">solution provisoire<\/strong>. Elle ne remplace donc pas l\u2019immatriculation d\u00e9finitive du v\u00e9hicule.<\/p>\n<p data-start=\"8955\" data-end=\"9111\">Selon votre situation, diff\u00e9rentes pi\u00e8ces peuvent \u00eatre n\u00e9cessaires pour constituer le dossier, notamment lorsqu\u2019il s\u2019agit d\u2019un v\u00e9hicule achet\u00e9 \u00e0 l\u2019\u00e9tranger.<\/p>\n<p data-start=\"9113\" data-end=\"9242\">Une fois la demande finalis\u00e9e et le num\u00e9ro d\u00e9finitif attribu\u00e9, le v\u00e9hicule peut recevoir ses nouvelles plaques d\u2019immatriculation.<\/p>\n<p data-start=\"9244\" data-end=\"9397\">Pour simplifier vos d\u00e9marches, <strong data-start=\"9275\" data-end=\"9355\">Bureau Carte Grise vous accompagne dans vos demandes de <a href=\"https:\/\/www.bureau-carte-grise.fr\/changement-titulaire\">carte grise en ligne<\/a><\/strong> et dans la constitution de votre dossier.<\/p>\n<h2 data-start=\"9244\" data-end=\"9397\">Plaque rose en 2026 : ce qu\u2019il faut retenir<\/h2>\n<p class=\"PDq2pG_selectionAnchorContainer\" data-start=\"9494\" data-end=\"9787\">Depuis le <strong data-start=\"9504\" data-end=\"9524\">1er janvier 2026<\/strong>, les plaques correspondant aux immatriculations provisoires <strong data-start=\"9585\" data-end=\"9640\">WW et W garage sont roses avec des caract\u00e8res noirs<\/strong>. Pour une immatriculation WW, la date de fin de validit\u00e9 est \u00e9galement affich\u00e9e directement sur la plaque.<\/p>\n<p data-start=\"9789\" data-end=\"9891\">Cette \u00e9volution permet de mieux distinguer les v\u00e9hicules b\u00e9n\u00e9ficiant d\u2019une immatriculation temporaire.<\/p>\n<p data-start=\"9893\" data-end=\"10103\">Si votre v\u00e9hicule dispose d\u2019un WW, pensez donc \u00e0 v\u00e9rifier <strong data-start=\"9951\" data-end=\"10102\">la conformit\u00e9 de vos plaques, la date de validit\u00e9 de votre immatriculation provisoire et l\u2019avancement de votre demande d\u2019immatriculation d\u00e9finitive<\/strong>.<\/p>\n","protected":false},"excerpt":{"rendered":"<p>Plaque d\u2019immatriculation rose : r\u00e8gles, validit\u00e9 et v\u00e9hicules concern\u00e9s Depuis le 1er janvier 2026, de nouvelles plaques d\u2019immatriculation roses sont apparues sur les routes fran\u00e7aises. &hellip; <\/p>\n","protected":false},"author":1,"featured_media":7036,"comment_status":"open","ping_status":"open","sticky":false,"template":"","format":"standard","meta":{"footnotes":""},"categories":[170],"tags":[],"class_list":["post-7009","post","type-post","status-publish","format-standard","has-post-thumbnail","hentry","category-demarches-de-carte-grise"],"yoast_head":"<!-- This site is optimized with the Yoast SEO plugin v22.0 - https:\/\/yoast.com\/wordpress\/plugins\/seo\/ -->\n<title>Plaque d\u2019immatriculation rose - Bureau Carte Grise<\/title>\n<meta name=\"description\" content=\"Plaque d\u2019immatriculation rose : les r\u00e8gles, la dur\u00e9e de validit\u00e9, les v\u00e9hicules concern\u00e9s et les nouveaut\u00e9s pour les plaques WW et W garage.\" \/>\n<meta name=\"robots\" content=\"index, follow, max-snippet:-1, max-image-preview:large, max-video-preview:-1\" \/>\n<link rel=\"canonical\" href=\"https:\/\/www.bureau-carte-grise.fr\/article\/plaque-immatriculation-rose\/\" \/>\n<meta property=\"og:locale\" content=\"fr_FR\" \/>\n<meta property=\"og:type\" content=\"article\" \/>\n<meta property=\"og:title\" content=\"Plaque d\u2019immatriculation rose - Bureau Carte Grise\" \/>\n<meta property=\"og:description\" content=\"Plaque d\u2019immatriculation rose : les r\u00e8gles, la dur\u00e9e de validit\u00e9, les v\u00e9hicules concern\u00e9s et les nouveaut\u00e9s pour les plaques WW et W garage.\" \/>\n<meta property=\"og:url\" content=\"https:\/\/www.bureau-carte-grise.fr\/article\/plaque-immatriculation-rose\/\" \/>\n<meta property=\"og:site_name\" content=\"Bureau Carte Grise\" \/>\n<meta property=\"article:published_time\" content=\"2026-08-19T13:53:35+00:00\" \/>\n<meta property=\"article:modified_time\" content=\"2026-08-17T15:34:05+00:00\" \/>\n<meta property=\"og:image\" content=\"https:\/\/www.bureau-carte-grise.fr\/article\/wp-content\/uploads\/2026\/08\/Frame-5460.jpg\" \/>\n\t<meta property=\"og:image:width\" content=\"600\" \/>\n\t<meta property=\"og:image:height\" content=\"600\" \/>\n\t<meta property=\"og:image:type\" content=\"image\/jpeg\" \/>\n<meta name=\"author\" content=\"admin_bcg\" \/>\n<meta name=\"twitter:card\" content=\"summary_large_image\" \/>\n<meta name=\"twitter:label1\" content=\"\u00c9crit par\" \/>\n\t<meta name=\"twitter:data1\" content=\"admin_bcg\" \/>\n\t<meta name=\"twitter:label2\" content=\"Dur\u00e9e de lecture estim\u00e9e\" \/>\n\t<meta name=\"twitter:data2\" content=\"7 minutes\" \/>\n<script type=\"application\/ld+json\" class=\"yoast-schema-graph\">{\"@context\":\"https:\/\/schema.org\",\"@graph\":[{\"@type\":\"Article\",\"@id\":\"https:\/\/www.bureau-carte-grise.fr\/article\/plaque-immatriculation-rose\/#article\",\"isPartOf\":{\"@id\":\"https:\/\/www.bureau-carte-grise.fr\/article\/plaque-immatriculation-rose\/\"},\"author\":{\"name\":\"admin_bcg\",\"@id\":\"https:\/\/www.bureau-carte-grise.fr\/article\/#\/schema\/person\/b69b447765bd47357f662a0d7e303722\"},\"headline\":\"Plaque d\u2019immatriculation rose\",\"datePublished\":\"2026-08-19T13:53:35+00:00\",\"dateModified\":\"2026-08-17T15:34:05+00:00\",\"mainEntityOfPage\":{\"@id\":\"https:\/\/www.bureau-carte-grise.fr\/article\/plaque-immatriculation-rose\/\"},\"wordCount\":1375,\"commentCount\":0,\"publisher\":{\"@id\":\"https:\/\/www.bureau-carte-grise.fr\/article\/#organization\"},\"articleSection\":[\"Les d\u00e9marches li\u00e9es au certificat d'immatriculation\"],\"inLanguage\":\"fr-FR\",\"potentialAction\":[{\"@type\":\"CommentAction\",\"name\":\"Comment\",\"target\":[\"https:\/\/www.bureau-carte-grise.fr\/article\/plaque-immatriculation-rose\/#respond\"]}]},{\"@type\":\"WebPage\",\"@id\":\"https:\/\/www.bureau-carte-grise.fr\/article\/plaque-immatriculation-rose\/\",\"url\":\"https:\/\/www.bureau-carte-grise.fr\/article\/plaque-immatriculation-rose\/\",\"name\":\"Plaque d\u2019immatriculation rose - Bureau Carte Grise\",\"isPartOf\":{\"@id\":\"https:\/\/www.bureau-carte-grise.fr\/article\/#website\"},\"datePublished\":\"2026-08-19T13:53:35+00:00\",\"dateModified\":\"2026-08-17T15:34:05+00:00\",\"description\":\"Plaque d\u2019immatriculation rose : les r\u00e8gles, la dur\u00e9e de validit\u00e9, les v\u00e9hicules concern\u00e9s et les nouveaut\u00e9s pour les plaques WW et W garage.\",\"breadcrumb\":{\"@id\":\"https:\/\/www.bureau-carte-grise.fr\/article\/plaque-immatriculation-rose\/#breadcrumb\"},\"inLanguage\":\"fr-FR\",\"potentialAction\":[{\"@type\":\"ReadAction\",\"target\":[\"https:\/\/www.bureau-carte-grise.fr\/article\/plaque-immatriculation-rose\/\"]}]},{\"@type\":\"BreadcrumbList\",\"@id\":\"https:\/\/www.bureau-carte-grise.fr\/article\/plaque-immatriculation-rose\/#breadcrumb\",\"itemListElement\":[{\"@type\":\"ListItem\",\"position\":1,\"name\":\"Accueil\",\"item\":\"https:\/\/www.bureau-carte-grise.fr\/article\/\"},{\"@type\":\"ListItem\",\"position\":2,\"name\":\"Plaque d\u2019immatriculation rose\"}]},{\"@type\":\"WebSite\",\"@id\":\"https:\/\/www.bureau-carte-grise.fr\/article\/#website\",\"url\":\"https:\/\/www.bureau-carte-grise.fr\/article\/\",\"name\":\"Bureau Carte Grise\",\"description\":\"\",\"publisher\":{\"@id\":\"https:\/\/www.bureau-carte-grise.fr\/article\/#organization\"},\"potentialAction\":[{\"@type\":\"SearchAction\",\"target\":{\"@type\":\"EntryPoint\",\"urlTemplate\":\"https:\/\/www.bureau-carte-grise.fr\/article\/?s={search_term_string}\"},\"query-input\":\"required name=search_term_string\"}],\"inLanguage\":\"fr-FR\"},{\"@type\":\"Organization\",\"@id\":\"https:\/\/www.bureau-carte-grise.fr\/article\/#organization\",\"name\":\"Bureau Carte Grise\",\"url\":\"https:\/\/www.bureau-carte-grise.fr\/article\/\",\"logo\":{\"@type\":\"ImageObject\",\"inLanguage\":\"fr-FR\",\"@id\":\"https:\/\/www.bureau-carte-grise.fr\/article\/#\/schema\/logo\/image\/\",\"url\":\"https:\/\/www.bureau-carte-grise.fr\/article\/wp-content\/uploads\/2024\/02\/logo.png\",\"contentUrl\":\"https:\/\/www.bureau-carte-grise.fr\/article\/wp-content\/uploads\/2024\/02\/logo.png\",\"width\":93,\"height\":94,\"caption\":\"Bureau Carte Grise\"},\"image\":{\"@id\":\"https:\/\/www.bureau-carte-grise.fr\/article\/#\/schema\/logo\/image\/\"}},{\"@type\":\"Person\",\"@id\":\"https:\/\/www.bureau-carte-grise.fr\/article\/#\/schema\/person\/b69b447765bd47357f662a0d7e303722\",\"name\":\"admin_bcg\",\"image\":{\"@type\":\"ImageObject\",\"inLanguage\":\"fr-FR\",\"@id\":\"https:\/\/www.bureau-carte-grise.fr\/article\/#\/schema\/person\/image\/\",\"url\":\"https:\/\/secure.gravatar.com\/avatar\/2c63ece2f97042788963b6b136ea7c45b57995893aa9b09ce7ad3e14940a215b?s=96&d=mm&r=g\",\"contentUrl\":\"https:\/\/secure.gravatar.com\/avatar\/2c63ece2f97042788963b6b136ea7c45b57995893aa9b09ce7ad3e14940a215b?s=96&d=mm&r=g\",\"caption\":\"admin_bcg\"},\"sameAs\":[\"http:\/\/www.bureau-carte-grise.fr\/article\"],\"url\":\"https:\/\/www.bureau-carte-grise.fr\/article\/author\/admin_bcg\/\"}]}<\/script>\n<!-- \/ Yoast SEO plugin. -->","yoast_head_json":{"title":"Plaque d\u2019immatriculation rose - Bureau Carte Grise","description":"Plaque d\u2019immatriculation rose : les r\u00e8gles, la dur\u00e9e de validit\u00e9, les v\u00e9hicules concern\u00e9s et les nouveaut\u00e9s pour les plaques WW et W garage.","robots":{"index":"index","follow":"follow","max-snippet":"max-snippet:-1","max-image-preview":"max-image-preview:large","max-video-preview":"max-video-preview:-1"},"canonical":"https:\/\/www.bureau-carte-grise.fr\/article\/plaque-immatriculation-rose\/","og_locale":"fr_FR","og_type":"article","og_title":"Plaque d\u2019immatriculation rose - Bureau Carte Grise","og_description":"Plaque d\u2019immatriculation rose : les r\u00e8gles, la dur\u00e9e de validit\u00e9, les v\u00e9hicules concern\u00e9s et les nouveaut\u00e9s pour les plaques WW et W garage.","og_url":"https:\/\/www.bureau-carte-grise.fr\/article\/plaque-immatriculation-rose\/","og_site_name":"Bureau Carte Grise","article_published_time":"2026-08-19T13:53:35+00:00","article_modified_time":"2026-08-17T15:34:05+00:00","og_image":[{"width":600,"height":600,"url":"https:\/\/www.bureau-carte-grise.fr\/article\/wp-content\/uploads\/2026\/08\/Frame-5460.jpg","type":"image\/jpeg"}],"author":"admin_bcg","twitter_card":"summary_large_image","twitter_misc":{"\u00c9crit par":"admin_bcg","Dur\u00e9e de lecture estim\u00e9e":"7 minutes"},"schema":{"@context":"https:\/\/schema.org","@graph":[{"@type":"Article","@id":"https:\/\/www.bureau-carte-grise.fr\/article\/plaque-immatriculation-rose\/#article","isPartOf":{"@id":"https:\/\/www.bureau-carte-grise.fr\/article\/plaque-immatriculation-rose\/"},"author":{"name":"admin_bcg","@id":"https:\/\/www.bureau-carte-grise.fr\/article\/#\/schema\/person\/b69b447765bd47357f662a0d7e303722"},"headline":"Plaque d\u2019immatriculation rose","datePublished":"2026-08-19T13:53:35+00:00","dateModified":"2026-08-17T15:34:05+00:00","mainEntityOfPage":{"@id":"https:\/\/www.bureau-carte-grise.fr\/article\/plaque-immatriculation-rose\/"},"wordCount":1375,"commentCount":0,"publisher":{"@id":"https:\/\/www.bureau-carte-grise.fr\/article\/#organization"},"articleSection":["Les d\u00e9marches li\u00e9es au certificat d'immatriculation"],"inLanguage":"fr-FR","potentialAction":[{"@type":"CommentAction","name":"Comment","target":["https:\/\/www.bureau-carte-grise.fr\/article\/plaque-immatriculation-rose\/#respond"]}]},{"@type":"WebPage","@id":"https:\/\/www.bureau-carte-grise.fr\/article\/plaque-immatriculation-rose\/","url":"https:\/\/www.bureau-carte-grise.fr\/article\/plaque-immatriculation-rose\/","name":"Plaque d\u2019immatriculation rose - Bureau Carte Grise","isPartOf":{"@id":"https:\/\/www.bureau-carte-grise.fr\/article\/#website"},"datePublished":"2026-08-19T13:53:35+00:00","dateModified":"2026-08-17T15:34:05+00:00","description":"Plaque d\u2019immatriculation rose : les r\u00e8gles, la dur\u00e9e de validit\u00e9, les v\u00e9hicules concern\u00e9s et les nouveaut\u00e9s pour les plaques WW et W garage.","breadcrumb":{"@id":"https:\/\/www.bureau-carte-grise.fr\/article\/plaque-immatriculation-rose\/#breadcrumb"},"inLanguage":"fr-FR","potentialAction":[{"@type":"ReadAction","target":["https:\/\/www.bureau-carte-grise.fr\/article\/plaque-immatriculation-rose\/"]}]},{"@type":"BreadcrumbList","@id":"https:\/\/www.bureau-carte-grise.fr\/article\/plaque-immatriculation-rose\/#breadcrumb","itemListElement":[{"@type":"ListItem","position":1,"name":"Accueil","item":"https:\/\/www.bureau-carte-grise.fr\/article\/"},{"@type":"ListItem","position":2,"name":"Plaque d\u2019immatriculation rose"}]},{"@type":"WebSite","@id":"https:\/\/www.bureau-carte-grise.fr\/article\/#website","url":"https:\/\/www.bureau-carte-grise.fr\/article\/","name":"Bureau Carte Grise","description":"","publisher":{"@id":"https:\/\/www.bureau-carte-grise.fr\/article\/#organization"},"potentialAction":[{"@type":"SearchAction","target":{"@type":"EntryPoint","urlTemplate":"https:\/\/www.bureau-carte-grise.fr\/article\/?s={search_term_string}"},"query-input":"required name=search_term_string"}],"inLanguage":"fr-FR"},{"@type":"Organization","@id":"https:\/\/www.bureau-carte-grise.fr\/article\/#organization","name":"Bureau Carte Grise","url":"https:\/\/www.bureau-carte-grise.fr\/article\/","logo":{"@type":"ImageObject","inLanguage":"fr-FR","@id":"https:\/\/www.bureau-carte-grise.fr\/article\/#\/schema\/logo\/image\/","url":"https:\/\/www.bureau-carte-grise.fr\/article\/wp-content\/uploads\/2024\/02\/logo.png","contentUrl":"https:\/\/www.bureau-carte-grise.fr\/article\/wp-content\/uploads\/2024\/02\/logo.png","width":93,"height":94,"caption":"Bureau Carte Grise"},"image":{"@id":"https:\/\/www.bureau-carte-grise.fr\/article\/#\/schema\/logo\/image\/"}},{"@type":"Person","@id":"https:\/\/www.bureau-carte-grise.fr\/article\/#\/schema\/person\/b69b447765bd47357f662a0d7e303722","name":"admin_bcg","image":{"@type":"ImageObject","inLanguage":"fr-FR","@id":"https:\/\/www.bureau-carte-grise.fr\/article\/#\/schema\/person\/image\/","url":"https:\/\/secure.gravatar.com\/avatar\/2c63ece2f97042788963b6b136ea7c45b57995893aa9b09ce7ad3e14940a215b?s=96&d=mm&r=g","contentUrl":"https:\/\/secure.gravatar.com\/avatar\/2c63ece2f97042788963b6b136ea7c45b57995893aa9b09ce7ad3e14940a215b?s=96&d=mm&r=g","caption":"admin_bcg"},"sameAs":["http:\/\/www.bureau-carte-grise.fr\/article"],"url":"https:\/\/www.bureau-carte-grise.fr\/article\/author\/admin_bcg\/"}]}},"_links":{"self":[{"href":"https:\/\/www.bureau-carte-grise.fr\/article\/wp-json\/wp\/v2\/posts\/7009","targetHints":{"allow":["GET"]}}],"collection":[{"href":"https:\/\/www.bureau-carte-grise.fr\/article\/wp-json\/wp\/v2\/posts"}],"about":[{"href":"https:\/\/www.bureau-carte-grise.fr\/article\/wp-json\/wp\/v2\/types\/post"}],"author":[{"embeddable":true,"href":"https:\/\/www.bureau-carte-grise.fr\/article\/wp-json\/wp\/v2\/users\/1"}],"replies":[{"embeddable":true,"href":"https:\/\/www.bureau-carte-grise.fr\/article\/wp-json\/wp\/v2\/comments?post=7009"}],"version-history":[{"count":2,"href":"https:\/\/www.bureau-carte-grise.fr\/article\/wp-json\/wp\/v2\/posts\/7009\/revisions"}],"predecessor-version":[{"id":7037,"href":"https:\/\/www.bureau-carte-grise.fr\/article\/wp-json\/wp\/v2\/posts\/7009\/revisions\/7037"}],"wp:featuredmedia":[{"embeddable":true,"href":"https:\/\/www.bureau-carte-grise.fr\/article\/wp-json\/wp\/v2\/media\/7036"}],"wp:attachment":[{"href":"https:\/\/www.bureau-carte-grise.fr\/article\/wp-json\/wp\/v2\/media?parent=7009"}],"wp:term":[{"taxonomy":"category","embeddable":true,"href":"https:\/\/www.bureau-carte-grise.fr\/article\/wp-json\/wp\/v2\/categories?post=7009"},{"taxonomy":"post_tag","embeddable":true,"href":"https:\/\/www.bureau-carte-grise.fr\/article\/wp-json\/wp\/v2\/tags?post=7009"}],"curies":[{"name":"wp","href":"https:\/\/api.w.org\/{rel}","templated":true}]}}